{"id":4954,"date":"2022-05-29T14:09:00","date_gmt":"2022-05-29T13:09:00","guid":{"rendered":"https:\/\/blackstar-mersch.lu\/?p=4954"},"modified":"2022-05-29T14:09:00","modified_gmt":"2022-05-29T13:09:00","slug":"wir-haben-uns-unterhalten-mit-patrick-hoffmann-neuzugang-22-23-beim-black-star","status":"publish","type":"post","link":"https:\/\/blackstar-mersch.lu\/?p=4954","title":{"rendered":"Wir haben uns unterhalten mit Patrick Hoffmann, Neuzugang 22\/23 beim Black Star"},"content":{"rendered":"\n<p class=\"has-black-color has-text-color has-medium-font-size\"><em><strong>Moie Patrick<\/strong>,<\/em><\/p>\n\n\n\n<p class=\"has-black-color has-text-color has-medium-font-size\"><em><strong>warum hast du dich daf\u00fcr entschieden, n\u00e4chstes Jahr in Mersch zu spielen, da du auch viele andere Optionen hattest nach deiner Top Saison?<\/strong><\/em><\/p>\n\n\n\n<p class=\"has-black-color has-text-color has-medium-font-size\">Ich habe mich f\u00fcr Mersch entschieden, da mir eure Philosophie nur mit zwei Profis zu spielen, und vor allem die Ziele des Vereins f\u00fcr die n\u00e4chsten Jahre gefallen haben.<\/p>\n\n\n\n<p class=\"has-black-color has-text-color has-medium-font-size\"><strong><em>Was sind deine pers\u00f6nlichen Ziele f\u00fcr dich und mit dem Verein?<\/em><\/strong><\/p>\n\n\n\n<p class=\"has-black-color has-text-color has-medium-font-size\">Mit dem Verein m\u00f6chte ich oben mitspielen und auf Zeit gesehen in die LBBL aufzusteigen.\u00a0<\/p>\n\n\n\n<p class=\"has-black-color has-text-color has-medium-font-size\">Pers\u00f6nlich gesehen, m\u00f6chte ich nicht nur die Leistung der letzten Saison best\u00e4tigen, sondern mich in allen Bereichen verbessern, vor allem k\u00f6rperlich ist f\u00fcr mich noch Luft nach oben.\u00a0<\/p>\n\n\n\n<p class=\"has-black-color has-text-color has-medium-font-size\"><strong><em>Wie bist du eigentlich zum Basketball gekommen?<\/em><\/strong><\/p>\n\n\n\n<p class=\"has-black-color has-text-color has-medium-font-size\">Durch einen Freund, Phillipe Arendt. Er nahm mich, als ich sechs Jahre alt war, mit zum Training bei Sparta Bartreng und seitdem kann ich die Finger nicht mehr vom Basketball lassen.<\/p>\n\n\n\n<p class=\"has-black-color has-text-color has-medium-font-size\"><strong><em>Was war dein gr\u00f6\u00dfter Erfolg beim Basketball?<\/em><\/strong><\/p>\n\n\n\n<p class=\"has-black-color has-text-color has-medium-font-size\">Die sch\u00f6nsten Momente waren sicherlich, als ich als kleiner Junge als Fan von Sparta, auf den Trib\u00fcnen die Mannschaft angefeuert habe und die Meisterschaften sowie Pokalsiege miterleben konnte.<\/p>\n\n\n\n<p class=\"has-black-color has-text-color has-medium-font-size\"><strong><em>Was war dein pers\u00f6nlich gr\u00f6\u00dfter Erfolg beim Basketball<\/em><\/strong> ?<\/p>\n\n\n\n<p class=\"has-black-color has-text-color has-medium-font-size\">Mein pers\u00f6nlich gr\u00f6\u00dfter Erfolg ist ganz sicher, dass ich letztes Jahr Top-Scorer der Luxemburger Spieler in der N2 war, doch mir w\u00e4re es lieber, mit Mersch aufzusteigen, um das als Erfolg verbuchen zu k\u00f6nnen, da es viel wertvoller ist als nur Top-Scorer einer Liga zu sein.<\/p>\n\n\n\n<p class=\"has-black-color has-text-color has-medium-font-size\"><strong><em>Du m\u00f6chtest die Nummer 6 als Trikotnummer, warum das?<\/em><\/strong><\/p>\n\n\n\n<p class=\"has-black-color has-text-color has-medium-font-size\">Das hat mit Allen Iverson und Dwayne Wade zu tun. Beide Spieler finde ich genial und sie trugen die Nummer 3. Da dies aber in Luxemburg nicht m\u00f6glich ist, z\u00e4hle ich die beiden zusammen und somit die Nummer 6.<\/p>\n\n\n\n<p class=\"has-black-color has-text-color has-medium-font-size\"><strong><em>Hast du noch weitere Hobbies au\u00dfer Basketball?<\/em><\/strong><\/p>\n\n\n\n<p class=\"has-black-color has-text-color has-medium-font-size\">Ich bastele gerne an Autos und schaue mir auch gerne sch\u00f6ne Autos an.<\/p>\n\n\n\n<p><\/p>\n\n\n\n<p><\/p>\n\n\n\n<div class=\"wp-block-image\"><figure class=\"aligncenter size-large is-resized\"><a href=\"https:\/\/blackstar-mersch.lu\/wp-content\/uploads\/2022\/05\/RKPH1.jpg\"><img loading=\"lazy\" src=\"https:\/\/blackstar-mersch.lu\/wp-content\/uploads\/2022\/05\/RKPH1-708x1024.jpg\" alt=\"\" class=\"wp-image-4955\" width=\"354\" height=\"512\" srcset=\"https:\/\/blackstar-mersch.lu\/wp-content\/uploads\/2022\/05\/RKPH1-708x1024.jpg 708w, https:\/\/blackstar-mersch.lu\/wp-content\/uploads\/2022\/05\/RKPH1-207x300.jpg 207w, https:\/\/blackstar-mersch.lu\/wp-content\/uploads\/2022\/05\/RKPH1-768x1111.jpg 768w, https:\/\/blackstar-mersch.lu\/wp-content\/uploads\/2022\/05\/RKPH1.jpg 828w\" sizes=\"(max-width: 354px) 100vw, 354px\" \/><\/a><figcaption>Patrick Hoffmann mit dem aktuellen und zuk\u00fcnftigen Coach Rainer Kloss<\/figcaption><\/figure><\/div>\n\n\n\n<p><\/p>\n","protected":false},"excerpt":{"rendered":"<p>Moie Patrick, warum hast du dich daf\u00fcr entschieden, n\u00e4chstes Jahr in Mersch zu spielen, da du auch viele andere Optionen hattest nach deiner Top Saison? Ich habe mich f\u00fcr Mersch entschieden, da mir eure Philosophie nur mit zwei Profis zu spielen, und vor allem die Ziele des Vereins f\u00fcr die n\u00e4chsten Jahre gefallen haben. Was sind deine pers\u00f6nlichen Ziele f\u00fcr dich und mit dem Verein? Mit dem Verein m\u00f6chte ich oben mitspielen und auf Zeit gesehen in die LBBL aufzusteigen.\u00a0 Pers\u00f6nlich gesehen, m\u00f6chte ich nicht nur die Leistung der letzten Saison best\u00e4tigen, sondern mich in allen Bereichen verbessern, vor allem<a href=\"https:\/\/blackstar-mersch.lu\/?p=4954\">&nbsp;&nbsp;[ Read More ]<\/a><\/p>\n","protected":false},"author":2,"featured_media":4958,"comment_status":"closed","ping_status":"open","sticky":false,"template":"","format":"standard","meta":{"ngg_post_thumbnail":0},"categories":[8],"tags":[],"_links":{"self":[{"href":"https:\/\/blackstar-mersch.lu\/index.php?rest_route=\/wp\/v2\/posts\/4954"}],"collection":[{"href":"https:\/\/blackstar-mersch.lu\/index.php?rest_route=\/wp\/v2\/posts"}],"about":[{"href":"https:\/\/blackstar-mersch.lu\/index.php?rest_route=\/wp\/v2\/types\/post"}],"author":[{"embeddable":true,"href":"https:\/\/blackstar-mersch.lu\/index.php?rest_route=\/wp\/v2\/users\/2"}],"replies":[{"embeddable":true,"href":"https:\/\/blackstar-mersch.lu\/index.php?rest_route=%2Fwp%2Fv2%2Fcomments&post=4954"}],"version-history":[{"count":6,"href":"https:\/\/blackstar-mersch.lu\/index.php?rest_route=\/wp\/v2\/posts\/4954\/revisions"}],"predecessor-version":[{"id":4962,"href":"https:\/\/blackstar-mersch.lu\/index.php?rest_route=\/wp\/v2\/posts\/4954\/revisions\/4962"}],"wp:featuredmedia":[{"embeddable":true,"href":"https:\/\/blackstar-mersch.lu\/index.php?rest_route=\/wp\/v2\/media\/4958"}],"wp:attachment":[{"href":"https:\/\/blackstar-mersch.lu\/index.php?rest_route=%2Fwp%2Fv2%2Fmedia&parent=4954"}],"wp:term":[{"taxonomy":"category","embeddable":true,"href":"https:\/\/blackstar-mersch.lu\/index.php?rest_route=%2Fwp%2Fv2%2Fcategories&post=4954"},{"taxonomy":"post_tag","embeddable":true,"href":"https:\/\/blackstar-mersch.lu\/index.php?rest_route=%2Fwp%2Fv2%2Ftags&post=4954"}],"curies":[{"name":"wp","href":"https:\/\/api.w.org\/{rel}","templated":true}]}}